{"id":185,"date":"2019-04-13T20:35:57","date_gmt":"2019-04-13T23:35:57","guid":{"rendered":"http:\/\/ritmoenelarte.com\/?p=176"},"modified":"2019-04-13T20:35:57","modified_gmt":"2019-04-13T23:35:57","slug":"fernando-silberstein","status":"publish","type":"post","link":"https:\/\/conferencia.ritmoenelarte.com\/index.php\/2019\/04\/13\/fernando-silberstein\/","title":{"rendered":"Fernando Silberstein"},"content":{"rendered":"\n\t\t\t\t\n<div class=\"wp-block-image\"><figure class=\"aligncenter is-resized\"><img loading=\"lazy\" decoding=\"async\" src=\"http:\/\/conferencia.ritmoenelarte.com\/wp-content\/uploads\/2019\/04\/silberstein.jpeg\" alt=\"\" class=\"wp-image-165\" width=\"197\" height=\"255\"\/><figcaption>Fernando Silberstein<\/figcaption><\/figure><\/div>\n\n\n\n<p>Doctor en Psicolog\u00eda Cl\u00ednica y Psicopatolog\u00eda por  la Universidad de Lyon 2, Francia, con estudios de postgrado en las  Universidades de Paris V, Rennes 2. Asisti\u00f3 a los seminarios de A. J.  Greimas en la \u00c9cole des Hautes \u00c9tudes en Sciences Sociales. Es profesor  titular de Psicolog\u00eda del Arte de la Facultad de Filosof\u00eda y Letras de  la UBA y de la UNR, exdirector del Departamento de Artes de la FFyL de  la UBA, reelegido por tres per\u00edodos sucesivos. Recibi\u00f3 entre  otros el Premio Bernardo Houssay, de Conicet, en 1987 por sus  investigaciones en Psicolog\u00eda. Especialista en la obra de Hermann  Rorschach y sus relaciones con los procesos de interpretaci\u00f3n  perceptiva, ha sido miembro del Comit\u00e9 Ejecutivo de la Sociedad  Internacional de Rorschach, Curador Asociado de los Archivos y Museo  Rorschach (Berna), jurado de premios internacionales, editor de revistas  especializadas de Suiza y de Argentina, integrante de Comit\u00e9s  Editoriales de revistas cient\u00edficas de Psicolog\u00eda de Argentina, Brasil,  Per\u00fa, Francia y Suiza, integrante de comisiones cient\u00edficas de congresos  en Argentina, Chile, Per\u00fa, Brasil, Francia, Suiza, Turqu\u00eda, Jap\u00f3n,  entre otros. Es evaluador de proyectos de investigaci\u00f3n de la UBA, la  Coneau, Conicet y Secyt. Profesor invitado en universidades nacionales y  extranjeras. Autor de cinco libros editados en Argentina y en Francia y  de cerca de dos centenares de art\u00edculos, comunicaciones de congresos y  textos cr\u00edticos sobre artistas.<\/p>\n\t\t","protected":false},"excerpt":{"rendered":"<p>Doctor en Psicolog\u00eda Cl\u00ednica y Psicopatolog\u00eda por la Universidad de Lyon 2, Francia, con estudios de postgrado en las Universidades de Paris V, Rennes 2. Asisti\u00f3 a los seminarios de A. J. Greimas en la \u00c9cole des Hautes \u00c9tudes en Sciences Sociales. Es profesor titular de Psicolog\u00eda del Arte de la Facultad de Filosof\u00eda y &hellip; <\/p>\n<p class=\"link-more\"><a href=\"https:\/\/conferencia.ritmoenelarte.com\/index.php\/2019\/04\/13\/fernando-silberstein\/\" class=\"more-link\">Continue reading<span class=\"screen-reader-text\"> &#8220;Fernando Silberstein&#8221;<\/span><\/a><\/p>\n","protected":false},"author":2,"featured_media":0,"comment_status":"open","ping_status":"open","sticky":false,"template":"","format":"standard","meta":{"footnotes":""},"categories":[2],"tags":[],"class_list":["post-185","post","type-post","status-publish","format-standard","hentry","category-sin-categoria"],"_links":{"self":[{"href":"https:\/\/conferencia.ritmoenelarte.com\/index.php\/wp-json\/wp\/v2\/posts\/185","targetHints":{"allow":["GET"]}}],"collection":[{"href":"https:\/\/conferencia.ritmoenelarte.com\/index.php\/wp-json\/wp\/v2\/posts"}],"about":[{"href":"https:\/\/conferencia.ritmoenelarte.com\/index.php\/wp-json\/wp\/v2\/types\/post"}],"author":[{"embeddable":true,"href":"https:\/\/conferencia.ritmoenelarte.com\/index.php\/wp-json\/wp\/v2\/users\/2"}],"replies":[{"embeddable":true,"href":"https:\/\/conferencia.ritmoenelarte.com\/index.php\/wp-json\/wp\/v2\/comments?post=185"}],"version-history":[{"count":0,"href":"https:\/\/conferencia.ritmoenelarte.com\/index.php\/wp-json\/wp\/v2\/posts\/185\/revisions"}],"wp:attachment":[{"href":"https:\/\/conferencia.ritmoenelarte.com\/index.php\/wp-json\/wp\/v2\/media?parent=185"}],"wp:term":[{"taxonomy":"category","embeddable":true,"href":"https:\/\/conferencia.ritmoenelarte.com\/index.php\/wp-json\/wp\/v2\/categories?post=185"},{"taxonomy":"post_tag","embeddable":true,"href":"https:\/\/conferencia.ritmoenelarte.com\/index.php\/wp-json\/wp\/v2\/tags?post=185"}],"curies":[{"name":"wp","href":"https:\/\/api.w.org\/{rel}","templated":true}]}}